{"id":1365,"date":"2019-04-24T20:10:38","date_gmt":"2019-04-25T01:10:38","guid":{"rendered":"http:\/\/fermelpe.com\/?p=1365"},"modified":"2023-03-01T10:37:44","modified_gmt":"2023-03-01T15:37:44","slug":"il-y-a-10-ans-un-reve-debutait","status":"publish","type":"post","link":"https:\/\/fermelpe.com\/en\/blog\/il-y-a-10-ans-un-reve-debutait\/","title":{"rendered":"Ten years ago, a dream began\u2026"},"content":{"rendered":"<div data-elementor-type=\"wp-post\" data-elementor-id=\"1365\" class=\"elementor elementor-1365\" data-elementor-post-type=\"post\">\n\t\t\t\t<div class=\"elementor-element elementor-element-541b764 e-flex e-con-boxed e-con e-parent\" data-id=\"541b764\" data-element_type=\"container\" data-settings=\"{&quot;background_background&quot;:&quot;classic&quot;}\">\n\t\t\t\t\t<div class=\"e-con-inner\">\n\t\t\t\t<div class=\"elementor-element elementor-element-29d52c1 elementor-widget elementor-widget-elementskit-heading\" data-id=\"29d52c1\" data-element_type=\"widget\" data-widget_type=\"elementskit-heading.default\">\n\t\t\t\t\t<div class=\"ekit-wid-con\" ><div class=\"ekit-heading elementskit-section-title-wraper text_center   ekit_heading_tablet-text_center   ekit_heading_mobile-\"><h1 class=\"ekit-heading--title elementskit-section-title\"><span><span>Ten years ago, a dream began\u2026<\/span><\/span><\/h1><\/div><\/div>\t\t\t\t<\/div>\n\t\t\t\t\t<\/div>\n\t\t\t\t<\/div>\n\t\t<div class=\"elementor-element elementor-element-e501bc3 e-flex e-con-boxed e-con e-parent\" data-id=\"e501bc3\" data-element_type=\"container\">\n\t\t\t\t\t<div class=\"e-con-inner\">\n\t\t\t\t<div class=\"elementor-element elementor-element-3d60ee2 elementor-widget elementor-widget-woocommerce-breadcrumb\" data-id=\"3d60ee2\" data-element_type=\"widget\" data-widget_type=\"woocommerce-breadcrumb.default\">\n\t\t\t\t\t<nav class=\"woocommerce-breadcrumb\" aria-label=\"Breadcrumbs\">Home<\/nav>\t\t\t\t<\/div>\n\t\t\t\t\t<\/div>\n\t\t\t\t<\/div>\n\t\t<div class=\"elementor-element elementor-element-5747f5f e-flex e-con-boxed e-con e-parent\" data-id=\"5747f5f\" data-element_type=\"container\">\n\t\t\t\t\t<div class=\"e-con-inner\">\n\t\t<div class=\"elementor-element elementor-element-27a28dc e-con-full e-flex e-con e-parent\" data-id=\"27a28dc\" data-element_type=\"container\">\n\t\t\t\t<div class=\"elementor-element elementor-element-9e95151 elementor-widget elementor-widget-text-editor\" data-id=\"9e95151\" data-element_type=\"widget\" data-widget_type=\"text-editor.default\">\n\t\t\t\t\t\t\t\t\t<p>It&#039;s crazy when you think about it. A tiny idea from a young man barely 20 years old who just wanted to create a summer job. That young man got completely taken in! His project wouldn&#039;t just be a small project, but would quickly evolve into a life project\u2026 This story, my story, do you know it?<\/p>\t\t\t\t\t\t\t\t<\/div>\n\t\t\t\t<div class=\"elementor-element elementor-element-2149a51 elementor-widget elementor-widget-heading\" data-id=\"2149a51\" data-element_type=\"widget\" data-widget_type=\"heading.default\">\n\t\t\t\t\t<h2 class=\"elementor-heading-title elementor-size-default\">Year 2007<\/h2>\t\t\t\t<\/div>\n\t\t\t\t<div class=\"elementor-element elementor-element-519415d elementor-widget elementor-widget-text-editor\" data-id=\"519415d\" data-element_type=\"widget\" data-widget_type=\"text-editor.default\">\n\t\t\t\t\t\t\t\t\t<p style=\"font-variant-ligatures: normal; font-variant-caps: normal;\"><span style=\"font-variant-ligatures: normal; font-variant-caps: normal;\">In 2007, I was studying computer science at C\u00e9gep. As I liked to say, for me, computers were a hobby. I didn&#039;t want to make it my career later, but it was the field I was studying while I figured out what I wanted to do. It was also in 2007 that my father bought the land in Pointe-Fortune to plan for his retirement. He wanted to plant sea buckthorn to keep himself busy in his old age (phew, he won&#039;t like my expression!). At that time, I had one desire: to find a summer job on the farm so I could stop working in downtown Montreal.\u00a0<\/span><\/p><p style=\"font-variant-ligatures: normal; font-variant-caps: normal;\">Through my research and reading, I discovered beekeeping. Intrigued, I began to delve into the subject. I discovered a complex world that struck me as truly beautiful. A world that deserved to be explored. The spark had ignited. I no longer wanted it to be just a summer job, but a lifelong career! While searching for training programs, I found several short courses lasting a few days, but nothing that met my expectations. I wasn&#039;t going to embark on a project like that without proper training. Finally, I found a course at C\u00e9gep d&#039;Alma that was scheduled to begin at the end of January 2008 and last one year. There weren&#039;t enough students, so the course was going to be delayed, with the start date yet to be determined (one month, six months, a year\u2014nobody knew). I was truly disappointed, but I was going to be patient. Finally, two days before the deadline to cancel our CEGEP courses, the phone rang: the beekeeping course starts on February 18th, next Monday! I quickly canceled my CEGEP courses to prepare for my studies at CEGEP d&#039;Alma. My mother and I left for Alma. A short two-day stay awaited us to find a place for me to live. Leaving for a year is great, but you have to live somewhere! We found a place fairly quickly.\u00a0<\/p>\t\t\t\t\t\t\t\t<\/div>\n\t\t<div class=\"elementor-element elementor-element-abc16db e-con-full e-flex e-con e-parent\" data-id=\"abc16db\" data-element_type=\"container\">\n\t\t<div class=\"elementor-element elementor-element-5085ad5 e-con-full e-flex e-con e-parent\" data-id=\"5085ad5\" data-element_type=\"container\">\n\t\t\t\t<div class=\"elementor-element elementor-element-49b8f3b elementor-widget elementor-widget-heading\" data-id=\"49b8f3b\" data-element_type=\"widget\" data-widget_type=\"heading.default\">\n\t\t\t\t\t<h2 class=\"elementor-heading-title elementor-size-default\">Year 2008 - Studies<\/h2>\t\t\t\t<\/div>\n\t\t\t\t<div class=\"elementor-element elementor-element-1fbd41d elementor-widget elementor-widget-text-editor\" data-id=\"1fbd41d\" data-element_type=\"widget\" data-widget_type=\"text-editor.default\">\n\t\t\t\t\t\t\t\t\t<p>Classes begin. There are barely 17 or 18 of us students. Within a month, we&#039;re down to about ten, and only 5 or 6 of us will graduate. Many have been disillusioned with beekeeping; it&#039;s not an easy profession. I still hadn&#039;t seen a bee and I still didn&#039;t know if I was allergic to these little creatures, but I knew it was what I wanted to do more than ever.<\/p><p>Summer 2008, my first encounter with bees: I did an internship with a beekeeper. A producer of bulk honey, queen bees, and nucs (baby hives sold to other beekeepers), this internship allowed me to learn everything about beekeeping. Theory is good, but practice is even better! By the end of the summer, I was truly hooked.<\/p>\t\t\t\t\t\t\t\t<\/div>\n\t\t\t\t<\/div>\n\t\t<div class=\"elementor-element elementor-element-faef928 e-con-full e-flex e-con e-parent\" data-id=\"faef928\" data-element_type=\"container\">\n\t\t\t\t<div class=\"elementor-element elementor-element-b65fd66 elementor-widget elementor-widget-image\" data-id=\"b65fd66\" data-element_type=\"widget\" data-widget_type=\"image.default\">\n\t\t\t\t\t\t\t\t\t\t\t\t\t\t\t<img fetchpriority=\"high\" decoding=\"async\" width=\"800\" height=\"614\" src=\"https:\/\/i0.wp.com\/fermelpe.com\/wp-content\/uploads\/2023\/01\/AEC-Large.jpg?fit=800%2C614&amp;ssl=1\" class=\"attachment-large size-large wp-image-6199\" alt=\"\" srcset=\"https:\/\/i0.wp.com\/fermelpe.com\/wp-content\/uploads\/2023\/01\/AEC-Large.jpg?w=1407&amp;ssl=1 1407w, https:\/\/i0.wp.com\/fermelpe.com\/wp-content\/uploads\/2023\/01\/AEC-Large.jpg?resize=300%2C230&amp;ssl=1 300w, https:\/\/i0.wp.com\/fermelpe.com\/wp-content\/uploads\/2023\/01\/AEC-Large.jpg?resize=1024%2C786&amp;ssl=1 1024w, https:\/\/i0.wp.com\/fermelpe.com\/wp-content\/uploads\/2023\/01\/AEC-Large.jpg?resize=768%2C590&amp;ssl=1 768w\" sizes=\"(max-width: 800px) 100vw, 800px\" \/>\t\t\t\t\t\t\t\t\t\t\t\t\t\t\t<\/div>\n\t\t\t\t<\/div>\n\t\t\t\t<\/div>\n\t\t<div class=\"elementor-element elementor-element-15cbc9b e-con-full e-flex e-con e-parent\" data-id=\"15cbc9b\" data-element_type=\"container\">\n\t\t<div class=\"elementor-element elementor-element-bd1b4e3 e-con-full e-flex e-con e-parent\" data-id=\"bd1b4e3\" data-element_type=\"container\">\n\t\t\t\t<div class=\"elementor-element elementor-element-6756606 elementor-widget elementor-widget-image\" data-id=\"6756606\" data-element_type=\"widget\" data-widget_type=\"image.default\">\n\t\t\t\t\t\t\t\t\t\t\t\t\t\t\t<img decoding=\"async\" width=\"800\" height=\"532\" src=\"https:\/\/i0.wp.com\/fermelpe.com\/wp-content\/uploads\/2023\/01\/DSC_4415-Medium.jpg?fit=800%2C532&amp;ssl=1\" class=\"attachment-large size-large wp-image-6202\" alt=\"\" srcset=\"https:\/\/i0.wp.com\/fermelpe.com\/wp-content\/uploads\/2023\/01\/DSC_4415-Medium.jpg?w=1154&amp;ssl=1 1154w, https:\/\/i0.wp.com\/fermelpe.com\/wp-content\/uploads\/2023\/01\/DSC_4415-Medium.jpg?resize=300%2C200&amp;ssl=1 300w, https:\/\/i0.wp.com\/fermelpe.com\/wp-content\/uploads\/2023\/01\/DSC_4415-Medium.jpg?resize=1024%2C681&amp;ssl=1 1024w, https:\/\/i0.wp.com\/fermelpe.com\/wp-content\/uploads\/2023\/01\/DSC_4415-Medium.jpg?resize=768%2C511&amp;ssl=1 768w\" sizes=\"(max-width: 800px) 100vw, 800px\" \/>\t\t\t\t\t\t\t\t\t\t\t\t\t\t\t<\/div>\n\t\t\t\t<\/div>\n\t\t<div class=\"elementor-element elementor-element-1e325f2 e-con-full e-flex e-con e-parent\" data-id=\"1e325f2\" data-element_type=\"container\">\n\t\t\t\t<div class=\"elementor-element elementor-element-12df1d4 elementor-widget elementor-widget-heading\" data-id=\"12df1d4\" data-element_type=\"widget\" data-widget_type=\"heading.default\">\n\t\t\t\t\t<h2 class=\"elementor-heading-title elementor-size-default\">Year 2009 - Project launch<\/h2>\t\t\t\t<\/div>\n\t\t\t\t<div class=\"elementor-element elementor-element-4adb1ea elementor-widget elementor-widget-text-editor\" data-id=\"4adb1ea\" data-element_type=\"widget\" data-widget_type=\"text-editor.default\">\n\t\t\t\t\t\t\t\t\tIn January and February 2009, I prepared my project. I wrote to my Local Development Center (CLD, now called the\u00a0<a style=\"font-size: 18px;\" href=\"https:\/\/developpementvs.com\/\" target=\"_blank\" rel=\"noopener\">DEV<\/a>)) for help. I&#039;ve been awarded a Young Entrepreneur grant. Very happy, I plan to buy 30 beehives to start! Ultimately, I&#039;ll start with 20 beehives. The <b>April 28, 2009<\/b>, I officially registered my business. On May 1st, I received my hives. From the very first year, reality hit me hard. No, I wouldn&#039;t be getting 40kg per hive as planned, but a meager 17kg. The bees had to build the beeswax on the frames, and that required a lot of energy and honey. The winter hadn&#039;t been kind either. In the spring, I woke up to the grim reality of 301 hives dying. During the summer of 2010, I created new hives and increased the number to 30. This time, I got a little over 31kg per hive. Finally, I managed to get a bit of a honey surplus.\t\t\t\t\t\t\t\t<\/div>\n\t\t\t\t<\/div>\n\t\t\t\t<\/div>\n\t\t<div class=\"elementor-element elementor-element-1fcb68a e-con-full e-flex e-con e-parent\" data-id=\"1fcb68a\" data-element_type=\"container\">\n\t\t<div class=\"elementor-element elementor-element-ef008f7 e-con-full e-flex e-con e-parent\" data-id=\"ef008f7\" data-element_type=\"container\">\n\t\t\t\t<div class=\"elementor-element elementor-element-6d94353 elementor-widget elementor-widget-heading\" data-id=\"6d94353\" data-element_type=\"widget\" data-widget_type=\"heading.default\">\n\t\t\t\t\t<h2 class=\"elementor-heading-title elementor-size-default\">Year 2011 - Public procurement<\/h2>\t\t\t\t<\/div>\n\t\t\t\t<div class=\"elementor-element elementor-element-afab797 elementor-widget elementor-widget-text-editor\" data-id=\"afab797\" data-element_type=\"widget\" data-widget_type=\"text-editor.default\">\n\t\t\t\t\t\t\t\t\t<p>Summer 2011, the start of the farmers&#039; markets. From the beginning, Ferme Les Petites \u00c9cores has been present at three markets in the region: Rigaud, Saint-Lazare, and \u00cele-Perrot. Over the years, we have expanded to several other markets: Pointe-des-Cascades, Vaudreuil-Dorion, Ville Saint-Laurent, Concordia, and McGill. It has always been very important to have direct contact with you, our valued customers. This is why we have long prioritized farmers&#039; markets. Even back then, I had created several honey-based products: Cinnamon Honey, <a href=\"https:\/\/fermelpe.com\/en\/boutique\/miel-au-chocolat\/\">chocolate honey<\/a> and <a href=\"https:\/\/fermelpe.com\/en\/boutique\/caramel-au-miel\/\">honey caramel<\/a>.<\/p>\t\t\t\t\t\t\t\t<\/div>\n\t\t\t\t<\/div>\n\t\t<div class=\"elementor-element elementor-element-93a3b58 e-con-full e-flex e-con e-parent\" data-id=\"93a3b58\" data-element_type=\"container\">\n\t\t\t\t<div class=\"elementor-element elementor-element-467e7b7 elementor-widget elementor-widget-image\" data-id=\"467e7b7\" data-element_type=\"widget\" data-widget_type=\"image.default\">\n\t\t\t\t\t\t\t\t\t\t\t\t\t\t\t<img decoding=\"async\" width=\"800\" height=\"600\" src=\"https:\/\/i0.wp.com\/fermelpe.com\/wp-content\/uploads\/2023\/01\/480084_197937173667781_737097910_n.jpg?fit=800%2C600&amp;ssl=1\" class=\"attachment-large size-large wp-image-6203\" alt=\"\" srcset=\"https:\/\/i0.wp.com\/fermelpe.com\/wp-content\/uploads\/2023\/01\/480084_197937173667781_737097910_n.jpg?w=960&amp;ssl=1 960w, https:\/\/i0.wp.com\/fermelpe.com\/wp-content\/uploads\/2023\/01\/480084_197937173667781_737097910_n.jpg?resize=300%2C225&amp;ssl=1 300w, https:\/\/i0.wp.com\/fermelpe.com\/wp-content\/uploads\/2023\/01\/480084_197937173667781_737097910_n.jpg?resize=768%2C576&amp;ssl=1 768w, https:\/\/i0.wp.com\/fermelpe.com\/wp-content\/uploads\/2023\/01\/480084_197937173667781_737097910_n.jpg?resize=500%2C375&amp;ssl=1 500w\" sizes=\"(max-width: 800px) 100vw, 800px\" \/>\t\t\t\t\t\t\t\t\t\t\t\t\t\t\t<\/div>\n\t\t\t\t<\/div>\n\t\t\t\t<\/div>\n\t\t<div class=\"elementor-element elementor-element-22274e1 e-con-full e-flex e-con e-parent\" data-id=\"22274e1\" data-element_type=\"container\">\n\t\t<div class=\"elementor-element elementor-element-7a4aae3 e-con-full e-flex e-con e-parent\" data-id=\"7a4aae3\" data-element_type=\"container\">\n\t\t\t\t<div class=\"elementor-element elementor-element-422a9da elementor-widget elementor-widget-image\" data-id=\"422a9da\" data-element_type=\"widget\" data-widget_type=\"image.default\">\n\t\t\t\t\t\t\t\t\t\t\t\t\t\t\t<img loading=\"lazy\" decoding=\"async\" width=\"800\" height=\"534\" src=\"https:\/\/i0.wp.com\/fermelpe.com\/wp-content\/uploads\/2019\/04\/plantation-Large.jpg?fit=800%2C534&amp;ssl=1\" class=\"attachment-large size-large wp-image-7241\" alt=\"\" srcset=\"https:\/\/i0.wp.com\/fermelpe.com\/wp-content\/uploads\/2019\/04\/plantation-Large.jpg?w=1620&amp;ssl=1 1620w, https:\/\/i0.wp.com\/fermelpe.com\/wp-content\/uploads\/2019\/04\/plantation-Large.jpg?resize=300%2C200&amp;ssl=1 300w, https:\/\/i0.wp.com\/fermelpe.com\/wp-content\/uploads\/2019\/04\/plantation-Large.jpg?resize=1024%2C683&amp;ssl=1 1024w, https:\/\/i0.wp.com\/fermelpe.com\/wp-content\/uploads\/2019\/04\/plantation-Large.jpg?resize=768%2C512&amp;ssl=1 768w, https:\/\/i0.wp.com\/fermelpe.com\/wp-content\/uploads\/2019\/04\/plantation-Large.jpg?resize=1536%2C1024&amp;ssl=1 1536w\" sizes=\"(max-width: 800px) 100vw, 800px\" \/>\t\t\t\t\t\t\t\t\t\t\t\t\t\t\t<\/div>\n\t\t\t\t<\/div>\n\t\t<div class=\"elementor-element elementor-element-45af11d e-con-full e-flex e-con e-parent\" data-id=\"45af11d\" data-element_type=\"container\">\n\t\t\t\t<div class=\"elementor-element elementor-element-447a665 elementor-widget elementor-widget-heading\" data-id=\"447a665\" data-element_type=\"widget\" data-widget_type=\"heading.default\">\n\t\t\t\t\t<h2 class=\"elementor-heading-title elementor-size-default\">Year 2013 - Family business<\/h2>\t\t\t\t<\/div>\n\t\t\t\t<div class=\"elementor-element elementor-element-a28c28b elementor-widget elementor-widget-text-editor\" data-id=\"a28c28b\" data-element_type=\"widget\" data-widget_type=\"text-editor.default\">\n\t\t\t\t\t\t\t\t\t<p>Then came 2013, the year of BIG changes. It was in 2013 that my parents joined the business with the sea buckthorn plantation. That same year, we began construction of the honey house. But that wasn&#039;t the only major change that happened in 2013. I met H\u00e9l\u00e8ne, my wife, who would join the adventure, as she too had a very specific life plan. We&#039;ll come back to that later.<\/p>\t\t\t\t\t\t\t\t<\/div>\n\t\t\t\t<\/div>\n\t\t\t\t<\/div>\n\t\t\t\t<div class=\"elementor-element elementor-element-de7d6cf elementor-widget elementor-widget-heading\" data-id=\"de7d6cf\" data-element_type=\"widget\" data-widget_type=\"heading.default\">\n\t\t\t\t\t<h2 class=\"elementor-heading-title elementor-size-default\">Year 2014 - Pollination in blueberry fields<\/h2>\t\t\t\t<\/div>\n\t\t\t\t<div class=\"elementor-element elementor-element-0b38cbb elementor-widget elementor-widget-text-editor\" data-id=\"0b38cbb\" data-element_type=\"widget\" data-widget_type=\"text-editor.default\">\n\t\t\t\t\t\t\t\t\t<p>In 2014, nearly 401 bees died\u2026 We had to buy more hives to make up for our losses. It was a heavy loss and it was truly sad. Despite everything, I was so happy: we had a new honey house, had managed to increase our number of hives to 212 during the summer, my sweetheart was by my side, and, for the first time, we were offering our pollination services in the blueberry fields of Lac-Saint-Jean.<\/p>\t\t\t\t\t\t\t\t<\/div>\n\t\t\t\t<div class=\"elementor-element elementor-element-3cee8be elementor-blockquote--skin-boxed elementor-blockquote--align-center elementor-widget elementor-widget-blockquote\" data-id=\"3cee8be\" data-element_type=\"widget\" data-widget_type=\"blockquote.default\">\n\t\t\t\t\t\t\t<blockquote class=\"elementor-blockquote\">\n\t\t\t<p class=\"elementor-blockquote__content\">\n\t\t\t\t<b>Little anecdote<\/b> We transported 120 beehives to the blueberry fields over two nights. We left Pointe-Fortune at almost 10 p.m. Loading was long and arduous. We couldn&#039;t get the hives properly secured. We had to try three times before everything was safe. Our lack of experience was obvious... I made the first trip with H\u00e9l\u00e8ne. Near Trois-Rivi\u00e8res, the gas tank was still a little over half full. So I decided to keep going and fill up when I got to La Tuque. Oof, bad choice! When I got to Shawinigan, I noticed my gas gauge was dropping... fast. It was past midnight. Not a single gas station was open along Route 155. It was getting... risky! I pulled over to the side of the road and started knocking on doors for gas at 1 a.m. After going to more than 6 or 7 houses, someone finally answered. I bought a large jerrycan of gas (20-30 liters) and that allowed us to get to Joliette. It cost us 1381 TP4T... Anyway, there was less than a liter left in the truck!!! Phew, that was a close call!\t\t\t<\/p>\n\t\t\t\t\t<\/blockquote>\n\t\t\t\t\t\t<\/div>\n\t\t<div class=\"elementor-element elementor-element-53ddb4c e-con-full e-flex e-con e-parent\" data-id=\"53ddb4c\" data-element_type=\"container\">\n\t\t<div class=\"elementor-element elementor-element-1bfa40e e-con-full e-flex e-con e-parent\" data-id=\"1bfa40e\" data-element_type=\"container\">\n\t\t\t\t<div class=\"elementor-element elementor-element-e91c6b4 elementor-widget elementor-widget-image\" data-id=\"e91c6b4\" data-element_type=\"widget\" data-widget_type=\"image.default\">\n\t\t\t\t\t\t\t\t\t\t\t\t\t\t\t<img loading=\"lazy\" decoding=\"async\" width=\"800\" height=\"600\" src=\"https:\/\/i0.wp.com\/fermelpe.com\/wp-content\/uploads\/2023\/01\/20140619_160533-Medium.jpg?fit=800%2C600&amp;ssl=1\" class=\"attachment-large size-large wp-image-6204\" alt=\"\" srcset=\"https:\/\/i0.wp.com\/fermelpe.com\/wp-content\/uploads\/2023\/01\/20140619_160533-Medium.jpg?w=1024&amp;ssl=1 1024w, https:\/\/i0.wp.com\/fermelpe.com\/wp-content\/uploads\/2023\/01\/20140619_160533-Medium.jpg?resize=300%2C225&amp;ssl=1 300w, https:\/\/i0.wp.com\/fermelpe.com\/wp-content\/uploads\/2023\/01\/20140619_160533-Medium.jpg?resize=768%2C576&amp;ssl=1 768w, https:\/\/i0.wp.com\/fermelpe.com\/wp-content\/uploads\/2023\/01\/20140619_160533-Medium.jpg?resize=500%2C375&amp;ssl=1 500w\" sizes=\"(max-width: 800px) 100vw, 800px\" \/>\t\t\t\t\t\t\t\t\t\t\t\t\t\t\t<\/div>\n\t\t\t\t<\/div>\n\t\t<div class=\"elementor-element elementor-element-cd9f7ae e-con-full e-flex e-con e-parent\" data-id=\"cd9f7ae\" data-element_type=\"container\">\n\t\t\t\t<div class=\"elementor-element elementor-element-67fab14 elementor-widget elementor-widget-text-editor\" data-id=\"67fab14\" data-element_type=\"widget\" data-widget_type=\"text-editor.default\">\n\t\t\t\t\t\t\t\t\tWe had a lot of blueberry honey! With all the farmers&#039; markets and festivals we were attending, we didn&#039;t have enough time to manage our hives. Unfortunately, this had consequences. The bees, having produced too much blueberry honey, blocked the queen&#039;s brood nest. I wasn&#039;t able to remove the honey quickly enough, and the hives swarmed late in the season. As a result, in the spring of 2015, we found over 50% of bee mortality in our hives. The dead hives were filled to the brim with honey, with few bees inside. I was devastated\u2026 Still far too much mortality. It was shaping up to be a difficult year\u2026 Also in 2014, we finally started harvesting sea buckthorn. Since it was still relatively unknown, we decided to process sea buckthorn to raise awareness of this fruit with its many beneficial properties. Our first sea buckthorn-based products: sea buckthorn butter and sea buckthorn jelly.\n\t\t\t\t\t\t\t\t<\/div>\n\t\t\t\t<\/div>\n\t\t\t\t<\/div>\n\t\t<div class=\"elementor-element elementor-element-bb7ecda e-con-full e-flex e-con e-parent\" data-id=\"bb7ecda\" data-element_type=\"container\">\n\t\t<div class=\"elementor-element elementor-element-56c9c91 e-con-full e-flex e-con e-parent\" data-id=\"56c9c91\" data-element_type=\"container\">\n\t\t\t\t<div class=\"elementor-element elementor-element-6156253 elementor-widget elementor-widget-heading\" data-id=\"6156253\" data-element_type=\"widget\" data-widget_type=\"heading.default\">\n\t\t\t\t\t<h2 class=\"elementor-heading-title elementor-size-default\">Spring 2015 - Les Petites \u00c9cores Gardens<\/h2>\t\t\t\t<\/div>\n\t\t\t\t<div class=\"elementor-element elementor-element-b7febf6 elementor-widget elementor-widget-text-editor\" data-id=\"b7febf6\" data-element_type=\"widget\" data-widget_type=\"text-editor.default\">\n\t\t\t\t\t\t\t\t\t<p>2015 marked the year H\u00e9l\u00e8ne started Jardins Les Petites \u00c9cores. A wonderful addition to the farm! Working land where rocks are so prevalent isn&#039;t easy. H\u00e9l\u00e8ne had the gardens cleared of rocks and then prepared the raised beds on which she would grow her vegetables. She began producing vegetables that would soon be certified organic. She also started... <a href=\"https:\/\/fermelpe.com\/en\/legumes\/\">organic vegetable baskets<\/a>\u00a0which are a success! I was really happy for her.\u00a0<\/p>\t\t\t\t\t\t\t\t<\/div>\n\t\t\t\t<\/div>\n\t\t<div class=\"elementor-element elementor-element-7ab2293 e-con-full e-flex e-con e-parent\" data-id=\"7ab2293\" data-element_type=\"container\">\n\t\t\t\t<div class=\"elementor-element elementor-element-da4bbb9 elementor-widget elementor-widget-image\" data-id=\"da4bbb9\" data-element_type=\"widget\" data-widget_type=\"image.default\">\n\t\t\t\t\t\t\t\t\t\t\t\t\t\t\t<img loading=\"lazy\" decoding=\"async\" width=\"800\" height=\"450\" src=\"https:\/\/i0.wp.com\/fermelpe.com\/wp-content\/uploads\/2023\/01\/20150424_101027-Medium-1024x576-1-1.jpg?fit=800%2C450&amp;ssl=1\" class=\"attachment-large size-large wp-image-6197\" alt=\"\" srcset=\"https:\/\/i0.wp.com\/fermelpe.com\/wp-content\/uploads\/2023\/01\/20150424_101027-Medium-1024x576-1-1.jpg?w=1024&amp;ssl=1 1024w, https:\/\/i0.wp.com\/fermelpe.com\/wp-content\/uploads\/2023\/01\/20150424_101027-Medium-1024x576-1-1.jpg?resize=300%2C169&amp;ssl=1 300w, https:\/\/i0.wp.com\/fermelpe.com\/wp-content\/uploads\/2023\/01\/20150424_101027-Medium-1024x576-1-1.jpg?resize=768%2C432&amp;ssl=1 768w, https:\/\/i0.wp.com\/fermelpe.com\/wp-content\/uploads\/2023\/01\/20150424_101027-Medium-1024x576-1-1.jpg?resize=480%2C270&amp;ssl=1 480w\" sizes=\"(max-width: 800px) 100vw, 800px\" \/>\t\t\t\t\t\t\t\t\t\t\t\t\t\t\t<\/div>\n\t\t\t\t<\/div>\n\t\t\t\t<\/div>\n\t\t\t\t<div class=\"elementor-element elementor-element-f78f4aa elementor-widget elementor-widget-heading\" data-id=\"f78f4aa\" data-element_type=\"widget\" data-widget_type=\"heading.default\">\n\t\t\t\t\t<h2 class=\"elementor-heading-title elementor-size-default\">Fall 2015 - At the end of the line<\/h2>\t\t\t\t<\/div>\n\t\t\t\t<div class=\"elementor-element elementor-element-2740df2 elementor-widget elementor-widget-text-editor\" data-id=\"2740df2\" data-element_type=\"widget\" data-widget_type=\"text-editor.default\">\n\t\t\t\t\t\t\t\t\tIn the summer of 2015, I called in our beekeeping veterinarian because some of our hives were showing signs of weakness, which wasn&#039;t normal. By the fall of 2015, things weren&#039;t any better for our bees\u2026 The vet&#039;s visit hadn&#039;t helped us find the source of the problem, and the hives continued to decline. Because of this, our insurer refused to cover our hives. Things were getting so bad, I was at my wit&#039;s end. At that time, I was president of the Quebec Beekeepers&#039; Association. Overwhelmed with work, I had to resign from that position to focus primarily on my hives. That hurt too. I was very attached to this association, of which I was a founding member, but I was completely exhausted. Dark thoughts plagued me, and I had to let go of certain things to get through it. The urge to give up was stronger than ever. I was physically strong, but mentally, even answering the phone or emails had become too difficult. Depression? Yes, I think so. I was truly at my wit&#039;s end. I packed up the beehives in November (or what was left of them) with little hope for the following spring. I tried not to think about it, but I couldn&#039;t. Every time there was a sharp cold snap, I worried even more about their well-being.\t\t\t\t\t\t\t\t<\/div>\n\t\t\t\t<div class=\"elementor-element elementor-element-8f51c0d elementor-widget elementor-widget-heading\" data-id=\"8f51c0d\" data-element_type=\"widget\" data-widget_type=\"heading.default\">\n\t\t\t\t\t<h2 class=\"elementor-heading-title elementor-size-default\">Year 2016 - When everything goes wrong.<\/h2>\t\t\t\t<\/div>\n\t\t\t\t<div class=\"elementor-element elementor-element-c7b4ea7 elementor-widget elementor-widget-text-editor\" data-id=\"c7b4ea7\" data-element_type=\"widget\" data-widget_type=\"text-editor.default\">\n\t\t\t\t\t\t\t\t\tApril 2016 finally arrived. I remember rushing to see them and telling myself it was all just a bad dream. But it wasn&#039;t. The carnage\u2026 the smell of dead bees was overpowering. We calculated the number of hives, both living and dead: 941,300 tons of loss. Just writing that number hurts. I couldn&#039;t give up, though. I had to find a way out. We considered two solutions: another loan\u2026 but would we have gotten it? Not certain. Or social funding. In any case, I would have to find a producer to sell me hives. Normally, hives are reserved in the fall or winter for the following spring, so with only a month&#039;s notice, it wasn&#039;t going to be easy.\u00a0\t\t\t\t\t\t\t\t<\/div>\n\t\t<div class=\"elementor-element elementor-element-09598dd e-con-full e-flex e-con e-parent\" data-id=\"09598dd\" data-element_type=\"container\">\n\t\t<div class=\"elementor-element elementor-element-66077d5 e-con-full e-flex e-con e-parent\" data-id=\"66077d5\" data-element_type=\"container\">\n\t\t\t\t<div class=\"elementor-element elementor-element-6c4fd40 elementor-widget elementor-widget-image\" data-id=\"6c4fd40\" data-element_type=\"widget\" data-widget_type=\"image.default\">\n\t\t\t\t\t\t\t\t\t\t\t\t\t\t\t<img loading=\"lazy\" decoding=\"async\" width=\"768\" height=\"1024\" src=\"https:\/\/i0.wp.com\/fermelpe.com\/wp-content\/uploads\/2023\/01\/20140620_125502-Medium-e1552822122813.jpg?fit=768%2C1024&amp;ssl=1\" class=\"attachment-large size-large wp-image-6196\" alt=\"Ruchettes\" srcset=\"https:\/\/i0.wp.com\/fermelpe.com\/wp-content\/uploads\/2023\/01\/20140620_125502-Medium-e1552822122813.jpg?w=768&amp;ssl=1 768w, https:\/\/i0.wp.com\/fermelpe.com\/wp-content\/uploads\/2023\/01\/20140620_125502-Medium-e1552822122813.jpg?resize=300%2C400&amp;ssl=1 300w, https:\/\/i0.wp.com\/fermelpe.com\/wp-content\/uploads\/2023\/01\/20140620_125502-Medium-e1552822122813.jpg?resize=225%2C300&amp;ssl=1 225w\" sizes=\"(max-width: 768px) 100vw, 768px\" \/>\t\t\t\t\t\t\t\t\t\t\t\t\t\t\t<\/div>\n\t\t\t\t<\/div>\n\t\t<div class=\"elementor-element elementor-element-ab9f119 e-con-full e-flex e-con e-parent\" data-id=\"ab9f119\" data-element_type=\"container\">\n\t\t\t\t<div class=\"elementor-element elementor-element-6cd5b9f elementor-widget elementor-widget-text-editor\" data-id=\"6cd5b9f\" data-element_type=\"widget\" data-widget_type=\"text-editor.default\">\n\t\t\t\t\t\t\t\t\t<p>\u00a0<\/p><p>I contacted one beekeeper: all sold out\u2026 I then contacted a friend who had a lot of hives. I explained my situation to him. He told me to call him back the next day. When I called, he told me what he had to offer: \u00abWhat would you say if I lent you 100 hives? You give me 50 next year and 50 in two years. No fees.\u00bb I didn&#039;t understand what had just happened. For me, it represented much more than a \u201cmere\u201d 100 hives: It meant not going bankrupt and continuing to do what I loved. And yes, we came very close to not continuing. I will be eternally grateful to him.\u00a0<\/p><p>While discussing the bee deaths with this producer, he offered a hypothesis about the cause (which I still didn&#039;t know). In the summer of 2016, I ran some tests. All my hives were tagged. This way, we ensured impeccable monitoring and were able to confirm the source of the problem. By checking with the producer who supplied our queens, we were able to confirm that the problem was indeed the queens from his apiary. We always received our queens in the third week of June, and these queens had problems. Not just with us, but with other beekeepers as well. This discovery allowed me to get back on my feet. Finally, light at the end of the tunnel. And it was. The springs of 2017, 2018, and 2019 went well! I was starting to feel better again.<\/p>\t\t\t\t\t\t\t\t<\/div>\n\t\t\t\t<\/div>\n\t\t\t\t<\/div>\n\t\t<div class=\"elementor-element elementor-element-f685434 e-con-full e-flex e-con e-parent\" data-id=\"f685434\" data-element_type=\"container\">\n\t\t<div class=\"elementor-element elementor-element-367e855 e-con-full e-flex e-con e-parent\" data-id=\"367e855\" data-element_type=\"container\">\n\t\t\t\t<div class=\"elementor-element elementor-element-6e843ad elementor-widget elementor-widget-heading\" data-id=\"6e843ad\" data-element_type=\"widget\" data-widget_type=\"heading.default\">\n\t\t\t\t\t<h2 class=\"elementor-heading-title elementor-size-default\">Year 2017 - Agritourism<\/h2>\t\t\t\t<\/div>\n\t\t\t\t<div class=\"elementor-element elementor-element-a644168 elementor-widget elementor-widget-text-editor\" data-id=\"a644168\" data-element_type=\"widget\" data-widget_type=\"text-editor.default\">\n\t\t\t\t\t\t\t\t\tSpring 2017 arrived, with very little mortality in the hives. Finally, a beautiful summer was on the horizon for honey, sea buckthorn, vegetables, and the new products we were preparing for you. As I mentioned earlier, it has always been very important to have direct contact with our customers to share our passion for agriculture. That&#039;s why, starting in June 2017, we offered our first farm visits. If you haven&#039;t visited us yet, it&#039;s really worth it!\u00a0\t\t\t\t\t\t\t\t<\/div>\n\t\t\t\t<\/div>\n\t\t<div class=\"elementor-element elementor-element-cb42e97 e-con-full e-flex e-con e-parent\" data-id=\"cb42e97\" data-element_type=\"container\">\n\t\t\t\t<div class=\"elementor-element elementor-element-19df67c elementor-widget elementor-widget-image\" data-id=\"19df67c\" data-element_type=\"widget\" data-widget_type=\"image.default\">\n\t\t\t\t\t\t\t\t\t\t\t\t\t\t\t<img data-recalc-dims=\"1\" decoding=\"async\" src=\"https:\/\/i0.wp.com\/fermelpe.com\/wp-content\/uploads\/elementor\/thumbs\/20170520_155555-Medium-e1552822523646-ofd8xhkktedvkdf1nh7se9l9e6kyp3ex0k0e80s3cw-q2typpqjd5c1iurwswolblw4cwq62zyo8c2g3ncsu8.jpg?w=800&#038;ssl=1\" title=\"farm sign\" alt=\"Pancarte de la ferme avec ancien logo\" loading=\"lazy\" \/>\t\t\t\t\t\t\t\t\t\t\t\t\t\t\t<\/div>\n\t\t\t\t<\/div>\n\t\t\t\t<\/div>\n\t\t<div class=\"elementor-element elementor-element-b7ee8f3 e-con-full e-flex e-con e-parent\" data-id=\"b7ee8f3\" data-element_type=\"container\">\n\t\t<div class=\"elementor-element elementor-element-b2ab923 e-con-full e-flex e-con e-parent\" data-id=\"b2ab923\" data-element_type=\"container\">\n\t\t\t\t<div class=\"elementor-element elementor-element-69d6e7f elementor-widget elementor-widget-image\" data-id=\"69d6e7f\" data-element_type=\"widget\" data-widget_type=\"image.default\">\n\t\t\t\t\t\t\t\t\t\t\t\t\t\t\t<img loading=\"lazy\" decoding=\"async\" width=\"683\" height=\"683\" src=\"https:\/\/i0.wp.com\/fermelpe.com\/wp-content\/uploads\/2019\/04\/STEF2366-Medium-1024x683-1.jpg?fit=683%2C683&amp;ssl=1\" class=\"attachment-large size-large wp-image-7243\" alt=\"\" srcset=\"https:\/\/i0.wp.com\/fermelpe.com\/wp-content\/uploads\/2019\/04\/STEF2366-Medium-1024x683-1.jpg?resize=300%2C300&amp;ssl=1 300w, https:\/\/i0.wp.com\/fermelpe.com\/wp-content\/uploads\/2019\/04\/STEF2366-Medium-1024x683-1.jpg?resize=100%2C100&amp;ssl=1 100w, https:\/\/i0.wp.com\/fermelpe.com\/wp-content\/uploads\/2019\/04\/STEF2366-Medium-1024x683-1.jpg?resize=150%2C150&amp;ssl=1 150w, https:\/\/i0.wp.com\/fermelpe.com\/wp-content\/uploads\/2019\/04\/STEF2366-Medium-1024x683-1.jpg?resize=500%2C500&amp;ssl=1 500w\" sizes=\"(max-width: 683px) 100vw, 683px\" \/>\t\t\t\t\t\t\t\t\t\t\t\t\t\t\t<\/div>\n\t\t\t\t<\/div>\n\t\t<div class=\"elementor-element elementor-element-dc93c92 e-con-full e-flex e-con e-parent\" data-id=\"dc93c92\" data-element_type=\"container\">\n\t\t\t\t<div class=\"elementor-element elementor-element-bcefc76 elementor-widget elementor-widget-heading\" data-id=\"bcefc76\" data-element_type=\"widget\" data-widget_type=\"heading.default\">\n\t\t\t\t\t<h2 class=\"elementor-heading-title elementor-size-default\">Year 2018 - UPA Open House<\/h2>\t\t\t\t<\/div>\n\t\t\t\t<div class=\"elementor-element elementor-element-250b0b3 elementor-widget elementor-widget-text-editor\" data-id=\"250b0b3\" data-element_type=\"widget\" data-widget_type=\"text-editor.default\">\n\t\t\t\t\t\t\t\t\tSpring 2018 was a success! We only lost 101 TP3T (151 TP3T is considered normal, so 101 TP3T is good!). Another big season is approaching. To better manage our time, we continued to reduce our presence at farmers&#039; markets. We were only present at the \u00cele-Perrot market in 2018. In September, we had the opportunity to participate in the UPA open house. This wonderful day allowed 840 visitors to discover our products and connect with the agricultural community.\t\t\t\t\t\t\t\t<\/div>\n\t\t\t\t<\/div>\n\t\t\t\t<\/div>\n\t\t\t\t<div class=\"elementor-element elementor-element-ed1de1c elementor-widget elementor-widget-heading\" data-id=\"ed1de1c\" data-element_type=\"widget\" data-widget_type=\"heading.default\">\n\t\t\t\t\t<h2 class=\"elementor-heading-title elementor-size-default\">Year 2019 - Already 10 years<\/h2>\t\t\t\t<\/div>\n\t\t\t\t<div class=\"elementor-element elementor-element-dda9bb3 elementor-widget elementor-widget-text-editor\" data-id=\"dda9bb3\" data-element_type=\"widget\" data-widget_type=\"text-editor.default\">\n\t\t\t\t\t\t\t\t\t2019 is already here. To close out this decade, we announced the merger of Jardins Les Petites \u00c9cores, H\u00e9l\u00e8ne&#039;s company, and Ferme Les Petites \u00c9cores. Strength in unity! This year, we&#039;re offering 50 baskets of organic vegetables, 200 beehives in production, 1,500 sea buckthorn plants, agritourism tours, and unique events at the farm. Yes, events! I&#039;m announcing this to those of you who took the time to learn about the farm&#039;s history.\t\t\t\t\t\t\t\t<\/div>\n\t\t<div class=\"elementor-element elementor-element-60f33e6 e-con-full e-flex e-con e-parent\" data-id=\"60f33e6\" data-element_type=\"container\">\n\t\t<div class=\"elementor-element elementor-element-a4a78cf e-con-full e-flex e-con e-parent\" data-id=\"a4a78cf\" data-element_type=\"container\">\n\t\t\t\t<div class=\"elementor-element elementor-element-917c9e2 elementor-widget elementor-widget-image\" data-id=\"917c9e2\" data-element_type=\"widget\" data-widget_type=\"image.default\">\n\t\t\t\t\t\t\t\t\t\t\t\t\t\t\t\t<a href=\"https:\/\/developpementvs.com\/\">\n\t\t\t\t\t\t\t<img loading=\"lazy\" decoding=\"async\" width=\"999\" height=\"417\" src=\"https:\/\/i0.wp.com\/fermelpe.com\/wp-content\/uploads\/2023\/01\/dev-vaudreuil-soulanges-logo-1.png?fit=999%2C417&amp;ssl=1\" class=\"attachment-full size-full wp-image-6201\" alt=\"\" srcset=\"https:\/\/i0.wp.com\/fermelpe.com\/wp-content\/uploads\/2023\/01\/dev-vaudreuil-soulanges-logo-1.png?w=999&amp;ssl=1 999w, https:\/\/i0.wp.com\/fermelpe.com\/wp-content\/uploads\/2023\/01\/dev-vaudreuil-soulanges-logo-1.png?resize=300%2C125&amp;ssl=1 300w, https:\/\/i0.wp.com\/fermelpe.com\/wp-content\/uploads\/2023\/01\/dev-vaudreuil-soulanges-logo-1.png?resize=768%2C321&amp;ssl=1 768w\" sizes=\"(max-width: 800px) 100vw, 800px\" \/>\t\t\t\t\t\t\t\t<\/a>\n\t\t\t\t\t\t\t\t\t\t\t\t\t\t\t<\/div>\n\t\t\t\t<\/div>\n\t\t<div class=\"elementor-element elementor-element-e0a446a e-con-full e-flex e-con e-parent\" data-id=\"e0a446a\" data-element_type=\"container\">\n\t\t\t\t<div class=\"elementor-element elementor-element-2247ba6 elementor-widget elementor-widget-text-editor\" data-id=\"2247ba6\" data-element_type=\"widget\" data-widget_type=\"text-editor.default\">\n\t\t\t\t\t\t\t\t\t<p>I want to give a special mention to the entire D\u00e9veloppementVS (DEV) team. I love my DEV team. They&#039;ve helped me since I started my business, and they&#039;re still there for me today. They&#039;re highly qualified and passionate people who do extremely professional and valuable work for the economic and social development of Vaudreuil-Soulanges.<\/p><p>If you&#039;re an entrepreneur, whether starting a business or already established, in the Vaudreuil-Soulanges region and you have questions, go see them. They&#039;re the best, they&#039;re there for you.\u00a0\u00a0<\/p><p style=\"text-align: center;\"><a href=\"http:\/\/www.developpementvs.com\">www.developmentvs.com<\/a><\/p>\t\t\t\t\t\t\t\t<\/div>\n\t\t\t\t<\/div>\n\t\t\t\t<\/div>\n\t\t\t\t<div class=\"elementor-element elementor-element-0e3e368 elementor-widget elementor-widget-heading\" data-id=\"0e3e368\" data-element_type=\"widget\" data-widget_type=\"heading.default\">\n\t\t\t\t\t<h2 class=\"elementor-heading-title elementor-size-default\">Year 2019+<\/h2>\t\t\t\t<\/div>\n\t\t\t\t<div class=\"elementor-element elementor-element-01e97fa elementor-widget elementor-widget-text-editor\" data-id=\"01e97fa\" data-element_type=\"widget\" data-widget_type=\"text-editor.default\">\n\t\t\t\t\t\t\t\t\t<p>What does the future hold? We can&#039;t say, but we can guarantee that we have several projects in the works. Farming isn&#039;t easy; we&#039;re at the mercy of nature, but oh, how we love what we do! And that&#039;s partly thanks to you, our valued customers, friends, and family, who have supported us for so long. You give us the strength to continually innovate and offer you even more.\u00a0<\/p>\t\t\t\t\t\t\t\t<\/div>\n\t\t\t\t<div class=\"elementor-element elementor-element-4561e6c elementor-widget elementor-widget-text-editor\" data-id=\"4561e6c\" data-element_type=\"widget\" data-widget_type=\"text-editor.default\">\n\t\t\t\t\t\t\t\t\t<h2 style=\"text-align: center;\">THANK YOU TO ALL OUR CLIENTS, FRIENDS, FAMILY AND COLLEAGUES!<\/h2>\t\t\t\t\t\t\t\t<\/div>\n\t\t\t\t<\/div>\n\t\t\t\t\t<\/div>\n\t\t\t\t<\/div>\n\t\t<div class=\"elementor-element elementor-element-09150fd e-flex e-con-boxed e-con e-parent\" data-id=\"09150fd\" data-element_type=\"container\">\n\t\t\t\t\t<div class=\"e-con-inner\">\n\t\t\t\t<div class=\"elementor-element elementor-element-79e8ee1 elementor-widget elementor-widget-heading\" data-id=\"79e8ee1\" data-element_type=\"widget\" data-widget_type=\"heading.default\">\n\t\t\t\t\t<h5 class=\"elementor-heading-title elementor-size-default\">Other items<\/h5>\t\t\t\t<\/div>\n\t\t\t\t<div class=\"elementor-element elementor-element-2d88751 elementor-widget elementor-widget-tp-blog-listout\" data-id=\"2d88751\" data-element_type=\"widget\" data-widget_type=\"tp-blog-listout.default\">\n\t\t\t\t\t<div id=\"pt-plus-blog-post-list\" class=\"blog-list post69f257d6290e1  list-isotope  blog-style-1 hover-image-style-1\"  data-layout-type=\"fitRows\"   data-id=\"post69f257d6290e1\" data-style=\"style-1\"   dir= \"data-enable-isotope=\"1\"\" filter-type = \"normal\"><div id=\"post69f257d6290e1\" class=\"tp-row post-inner-loop post69f257d6290e1    tp-listing-preloader\" data-extparam= '{\"loading-opt\":\"skeleton\",\"URL-para\":\"\"}'  ><div class=\"grid-item metro-item  tp-col-lg-3 tp-col-md-4 tp-col-sm-6 tp-col-6\"><article id=\"post-1432\" class=\"post-1432 post type-post status-publish format-standard has-post-thumbnail hentry category-apicole category-sante\">\n\t<div class=\"blog-list-content\">\n\t\t\t\t<div class=\"post-content-image\">\n\t\t\t<a href=\"https:\/\/fermelpe.com\/en\/blog\/pourquoi-acheter-du-miel-non-pasteurise-et-local\/\">\n\t\t\t\t\t<div class=\"blog-featured-image  tp-cst-img-full img\">\n\t<span class=\"thumb-wrap\">\n\t\t<img loading=\"lazy\" decoding=\"async\" width=\"480\" height=\"480\" src=\"https:\/\/i0.wp.com\/fermelpe.com\/wp-content\/uploads\/2023\/01\/Miel-pur.jpg?resize=480%2C480&amp;ssl=1\" class=\"attachment-tp-image-grid size-tp-image-grid\" alt=\"\" srcset=\"https:\/\/i0.wp.com\/fermelpe.com\/wp-content\/uploads\/2023\/01\/Miel-pur.jpg?w=480&amp;ssl=1 480w, https:\/\/i0.wp.com\/fermelpe.com\/wp-content\/uploads\/2023\/01\/Miel-pur.jpg?resize=300%2C300&amp;ssl=1 300w, https:\/\/i0.wp.com\/fermelpe.com\/wp-content\/uploads\/2023\/01\/Miel-pur.jpg?resize=100%2C100&amp;ssl=1 100w, https:\/\/i0.wp.com\/fermelpe.com\/wp-content\/uploads\/2023\/01\/Miel-pur.jpg?resize=150%2C150&amp;ssl=1 150w\" sizes=\"(max-width: 480px) 100vw, 480px\" \/>\t<\/span>\n\t<\/div>\n\t\t\t<\/a>\t\t\t\n\t\t<\/div>\n\t\t\t\t<div class=\"post-content-bottom\">\n\t\t\t\t\t\t\t<div class=\"post-meta-info style-1\"><span class=\"meta-date\"><a href=\"https:\/\/fermelpe.com\/en\/blog\/pourquoi-acheter-du-miel-non-pasteurise-et-local\/\"><span class=\"entry-date\">October 18, 2019<\/span><\/a><\/span>\n<span> |<\/span>\t<span class=\"post-author\">By <a href=\"https:\/\/fermelpe.com\/en\/blog\/author\/eric\/\" rel=\"author\" class=\"fn\">Eric<\/a> <\/span>\n\t<\/div>\t\t\t\t\t\t<h6 class=\"post-title\">\n\t<a href=\"https:\/\/fermelpe.com\/en\/blog\/pourquoi-acheter-du-miel-non-pasteurise-et-local\/\" class=\"normal\">Why buy unpasteurized and local honey?<\/a>\n<\/h6>\n\t\t\t<div class=\"post-hover-content\">\n\t\t\t\t<div class=\"entry-content\">\n\t<p>Table of Contents We are often asked what the advantage is of buying local honey versus honey from a supermarket. Not that the honeys found in supermarkets are...<\/p>\n<\/div>\n\t\t\t<\/div>\n\t\t<\/div>\n\t\t\t<\/div>\n<\/article>\n<\/div><div class=\"grid-item metro-item  tp-col-lg-3 tp-col-md-4 tp-col-sm-6 tp-col-6\"><article id=\"post-7797\" class=\"post-7797 post type-post status-publish format-standard has-post-thumbnail hentry category-legumes\">\n\t<div class=\"blog-list-content\">\n\t\t\t\t<div class=\"post-content-image\">\n\t\t\t<a href=\"https:\/\/fermelpe.com\/en\/blog\/comment-proteger-les-legumes-biologiques-contre-les-parasites\/\">\n\t\t\t\t\t<div class=\"blog-featured-image  tp-cst-img-full img\">\n\t<span class=\"thumb-wrap\">\n\t\t<img loading=\"lazy\" decoding=\"async\" width=\"700\" height=\"533\" src=\"https:\/\/i0.wp.com\/fermelpe.com\/wp-content\/uploads\/2020\/05\/Champs-de-fleurs.jpg?resize=700%2C533&amp;ssl=1\" class=\"attachment-tp-image-grid size-tp-image-grid\" alt=\"\" \/>\t<\/span>\n\t<\/div>\n\t\t\t<\/a>\t\t\t\n\t\t<\/div>\n\t\t\t\t<div class=\"post-content-bottom\">\n\t\t\t\t\t\t\t<div class=\"post-meta-info style-1\"><span class=\"meta-date\"><a href=\"https:\/\/fermelpe.com\/en\/blog\/comment-proteger-les-legumes-biologiques-contre-les-parasites\/\"><span class=\"entry-date\">March 21, 2024<\/span><\/a><\/span>\n<span> |<\/span>\t<span class=\"post-author\">By <a href=\"https:\/\/fermelpe.com\/en\/blog\/author\/infofermelpe-com\/\" rel=\"author\" class=\"fn\">Eric Belanger<\/a> <\/span>\n\t<\/div>\t\t\t\t\t\t<h6 class=\"post-title\">\n\t<a href=\"https:\/\/fermelpe.com\/en\/blog\/comment-proteger-les-legumes-biologiques-contre-les-parasites\/\" class=\"normal\">How to protect organic vegetables from pests?<\/a>\n<\/h6>\n\t\t\t<div class=\"post-hover-content\">\n\t\t\t\t<div class=\"entry-content\">\n\t<p>Table of Contents Helping the Bees Bees can travel up to 5 km to forage for nectar in order to collect some sweet nectar that will become delicious...<\/p>\n<\/div>\n\t\t\t<\/div>\n\t\t<\/div>\n\t\t\t<\/div>\n<\/article>\n<\/div><div class=\"grid-item metro-item  tp-col-lg-3 tp-col-md-4 tp-col-sm-6 tp-col-6\"><article id=\"post-8247\" class=\"post-8247 post type-post status-publish format-standard has-post-thumbnail hentry category-histoire\">\n\t<div class=\"blog-list-content\">\n\t\t\t\t<div class=\"post-content-image\">\n\t\t\t<a href=\"https:\/\/fermelpe.com\/en\/blog\/les-15-ans-de-la-ferme-les-petites-ecores\/\">\n\t\t\t\t\t<div class=\"blog-featured-image  tp-cst-img-full img\">\n\t<span class=\"thumb-wrap\">\n\t\t<img loading=\"lazy\" decoding=\"async\" width=\"700\" height=\"700\" src=\"https:\/\/i0.wp.com\/fermelpe.com\/wp-content\/uploads\/2024\/01\/La-famille.jpg?resize=700%2C700&amp;ssl=1\" class=\"attachment-tp-image-grid size-tp-image-grid\" alt=\"\" srcset=\"https:\/\/i0.wp.com\/fermelpe.com\/wp-content\/uploads\/2024\/01\/La-famille.jpg?resize=150%2C150&amp;ssl=1 150w, https:\/\/i0.wp.com\/fermelpe.com\/wp-content\/uploads\/2024\/01\/La-famille.jpg?resize=700%2C700&amp;ssl=1 700w, https:\/\/i0.wp.com\/fermelpe.com\/wp-content\/uploads\/2024\/01\/La-famille.jpg?resize=500%2C500&amp;ssl=1 500w, https:\/\/i0.wp.com\/fermelpe.com\/wp-content\/uploads\/2024\/01\/La-famille.jpg?resize=300%2C300&amp;ssl=1 300w, https:\/\/i0.wp.com\/fermelpe.com\/wp-content\/uploads\/2024\/01\/La-famille.jpg?resize=100%2C100&amp;ssl=1 100w\" sizes=\"(max-width: 700px) 100vw, 700px\" \/>\t<\/span>\n\t<\/div>\n\t\t\t<\/a>\t\t\t\n\t\t<\/div>\n\t\t\t\t<div class=\"post-content-bottom\">\n\t\t\t\t\t\t\t<div class=\"post-meta-info style-1\"><span class=\"meta-date\"><a href=\"https:\/\/fermelpe.com\/en\/blog\/les-15-ans-de-la-ferme-les-petites-ecores\/\"><span class=\"entry-date\">March 4, 2024<\/span><\/a><\/span>\n<span> |<\/span>\t<span class=\"post-author\">By <a href=\"https:\/\/fermelpe.com\/en\/blog\/author\/infofermelpe-com\/\" rel=\"author\" class=\"fn\">Eric Belanger<\/a> <\/span>\n\t<\/div>\t\t\t\t\t\t<h6 class=\"post-title\">\n\t<a href=\"https:\/\/fermelpe.com\/en\/blog\/les-15-ans-de-la-ferme-les-petites-ecores\/\" class=\"normal\">The 15th anniversary of the Ferme les Petites \u00c9cores<\/a>\n<\/h6>\n\t\t\t<div class=\"post-hover-content\">\n\t\t\t\t<div class=\"entry-content\">\n\t<p>Table of Contents The farm will be 15 years old in 2024! Where can I begin to summarize our last 15 years\u2026 Well! Let&#039;s start with a man, Fran\u00e7ois, who has\u2026.<\/p>\n<\/div>\n\t\t\t<\/div>\n\t\t<\/div>\n\t\t\t<\/div>\n<\/article>\n<\/div><div class=\"grid-item metro-item  tp-col-lg-3 tp-col-md-4 tp-col-sm-6 tp-col-6\"><article id=\"post-9844\" class=\"post-9844 post type-post status-publish format-standard hentry category-uncategorized\">\n\t<div class=\"blog-list-content\">\n\t\t\t\t<div class=\"post-content-image\">\n\t\t\t<a href=\"https:\/\/fermelpe.com\/en\/blog\/comment-decristalliser-miel-naturellement\/\">\n\t\t\t\t\t<div class=\"blog-featured-image  tp-cst-img-full img\">\n\t<span class=\"thumb-wrap\">\n\t\t<img data-recalc-dims=\"1\" decoding=\"async\" src=\"https:\/\/i0.wp.com\/fermelpe.com\/wp-content\/plugins\/theplus_elementor_addon\/assets\/images\/placeholder-grid.jpg?w=800&#038;ssl=1\" alt=\"Comment d\u00e9cristaliser le miel naturellement ?\">\t<\/span>\n\t<\/div>\n\t\t\t<\/a>\t\t\t\n\t\t<\/div>\n\t\t\t\t<div class=\"post-content-bottom\">\n\t\t\t\t\t\t\t<div class=\"post-meta-info style-1\"><span class=\"meta-date\"><a href=\"https:\/\/fermelpe.com\/en\/blog\/comment-decristalliser-miel-naturellement\/\"><span class=\"entry-date\">February 17, 2026<\/span><\/a><\/span>\n<span> |<\/span>\t<span class=\"post-author\">By <a href=\"https:\/\/fermelpe.com\/en\/blog\/author\/infofermelpe-com\/\" rel=\"author\" class=\"fn\">Eric Belanger<\/a> <\/span>\n\t<\/div>\t\t\t\t\t\t<h6 class=\"post-title\">\n\t<a href=\"https:\/\/fermelpe.com\/en\/blog\/comment-decristalliser-miel-naturellement\/\" class=\"normal\">How to decrystallize honey naturally?<\/a>\n<\/h6>\n\t\t\t<div class=\"post-hover-content\">\n\t\t\t\t<div class=\"entry-content\">\n\t<p>Table of Contents Understanding Crystallization and How to Liquefy It You open your jar of favorite local honey and, surprise! Instead of being liquid and golden, you find...<\/p>\n<\/div>\n\t\t\t<\/div>\n\t\t<\/div>\n\t\t\t<\/div>\n<\/article>\n<\/div><\/div><\/div>\t\t\t\t<\/div>\n\t\t\t\t\t<\/div>\n\t\t\t\t<\/div>\n\t\t\t\t<\/div>","protected":false},"excerpt":{"rendered":"<p>It&#039;s crazy when you think about it. A tiny idea from a young guy barely 20 years old who just wanted to create a summer job. That kid got completely taken in! His project wouldn&#039;t just be a small project, but would quickly evolve into a life project\u2026 This story, my story, do you know it? [\u2026]<\/p>","protected":false},"author":3,"featured_media":6202,"comment_status":"open","ping_status":"open","sticky":false,"template":"elementor_header_footer","format":"standard","meta":{"wprm-recipe-roundup-name":"","wprm-recipe-roundup-description":"","wpupg_custom_link":[],"wpupg_custom_link_behaviour":[],"wpupg_custom_link_nofollow":[],"wpupg_custom_image":[],"wpupg_custom_image_id":[],"footnotes":""},"categories":[142,63],"tags":[],"class_list":["post-1365","post","type-post","status-publish","format-standard","has-post-thumbnail","hentry","category-general","category-histoire"],"yoast_head":"<!-- This site is optimized with the Yoast SEO plugin v26.7 - https:\/\/yoast.com\/wordpress\/plugins\/seo\/ -->\n<title>Il y a 10 ans, un r\u00eave d\u00e9butait... | Ferme Les Petites \u00c9cores<\/title>\n<meta name=\"description\" content=\"D\u00e9couvrez l&#039;histoire derri\u00e8re la Ferme Les Petites \u00c9cores; les succ\u00e8s et les embuches.\" \/>\n<meta name=\"robots\" content=\"index, follow, max-snippet:-1, max-image-preview:large, max-video-preview:-1\" \/>\n<link rel=\"canonical\" href=\"https:\/\/fermelpe.com\/en\/blog\/il-y-a-10-ans-un-reve-debutait\/\" \/>\n<meta property=\"og:locale\" content=\"en_US\" \/>\n<meta property=\"og:type\" content=\"article\" \/>\n<meta property=\"og:title\" content=\"Il y a 10 ans, un r\u00eave d\u00e9butait... | Ferme Les Petites \u00c9cores\" \/>\n<meta property=\"og:description\" content=\"D\u00e9couvrez l&#039;histoire derri\u00e8re la Ferme Les Petites \u00c9cores; les succ\u00e8s et les embuches.\" \/>\n<meta property=\"og:url\" content=\"https:\/\/fermelpe.com\/en\/blog\/il-y-a-10-ans-un-reve-debutait\/\" \/>\n<meta property=\"og:site_name\" content=\"Ferme Les Petites \u00c9cores\" \/>\n<meta property=\"article:publisher\" content=\"https:\/\/www.facebook.com\/fermelpe\" \/>\n<meta property=\"article:published_time\" content=\"2019-04-25T01:10:38+00:00\" \/>\n<meta property=\"article:modified_time\" content=\"2023-03-01T15:37:44+00:00\" \/>\n<meta name=\"author\" content=\"Eric\" \/>\n<script type=\"application\/ld+json\" class=\"yoast-schema-graph\">{\"@context\":\"https:\/\/schema.org\",\"@graph\":[{\"@type\":\"Article\",\"@id\":\"https:\/\/fermelpe.com\/blog\/il-y-a-10-ans-un-reve-debutait\/#article\",\"isPartOf\":{\"@id\":\"https:\/\/fermelpe.com\/blog\/il-y-a-10-ans-un-reve-debutait\/\"},\"author\":{\"name\":\"Eric\",\"@id\":\"https:\/\/fermelpe.com\/#\/schema\/person\/440670e87146b8c501b27331416488ee\"},\"headline\":\"Il y a 10 ans, un r\u00eave d\u00e9butait&#8230;\",\"datePublished\":\"2019-04-25T01:10:38+00:00\",\"dateModified\":\"2023-03-01T15:37:44+00:00\",\"mainEntityOfPage\":{\"@id\":\"https:\/\/fermelpe.com\/blog\/il-y-a-10-ans-un-reve-debutait\/\"},\"wordCount\":2881,\"commentCount\":0,\"publisher\":{\"@id\":\"https:\/\/fermelpe.com\/#organization\"},\"image\":{\"@id\":\"https:\/\/fermelpe.com\/blog\/il-y-a-10-ans-un-reve-debutait\/#primaryimage\"},\"thumbnailUrl\":\"https:\/\/i0.wp.com\/fermelpe.com\/wp-content\/uploads\/2023\/01\/DSC_4415-Medium.jpg?fit=1154%2C768&ssl=1\",\"articleSection\":[\"G\u00e9n\u00e9ral\",\"Histoire\"],\"inLanguage\":\"en-CA\",\"potentialAction\":[{\"@type\":\"CommentAction\",\"name\":\"Comment\",\"target\":[\"https:\/\/fermelpe.com\/blog\/il-y-a-10-ans-un-reve-debutait\/#respond\"]}]},{\"@type\":\"WebPage\",\"@id\":\"https:\/\/fermelpe.com\/blog\/il-y-a-10-ans-un-reve-debutait\/\",\"url\":\"https:\/\/fermelpe.com\/blog\/il-y-a-10-ans-un-reve-debutait\/\",\"name\":\"Il y a 10 ans, un r\u00eave d\u00e9butait... | Ferme Les Petites \u00c9cores\",\"isPartOf\":{\"@id\":\"https:\/\/fermelpe.com\/#website\"},\"primaryImageOfPage\":{\"@id\":\"https:\/\/fermelpe.com\/blog\/il-y-a-10-ans-un-reve-debutait\/#primaryimage\"},\"image\":{\"@id\":\"https:\/\/fermelpe.com\/blog\/il-y-a-10-ans-un-reve-debutait\/#primaryimage\"},\"thumbnailUrl\":\"https:\/\/i0.wp.com\/fermelpe.com\/wp-content\/uploads\/2023\/01\/DSC_4415-Medium.jpg?fit=1154%2C768&ssl=1\",\"datePublished\":\"2019-04-25T01:10:38+00:00\",\"dateModified\":\"2023-03-01T15:37:44+00:00\",\"description\":\"D\u00e9couvrez l'histoire derri\u00e8re la Ferme Les Petites \u00c9cores; les succ\u00e8s et les embuches.\",\"breadcrumb\":{\"@id\":\"https:\/\/fermelpe.com\/blog\/il-y-a-10-ans-un-reve-debutait\/#breadcrumb\"},\"inLanguage\":\"en-CA\",\"potentialAction\":[{\"@type\":\"ReadAction\",\"target\":[\"https:\/\/fermelpe.com\/blog\/il-y-a-10-ans-un-reve-debutait\/\"]}]},{\"@type\":\"ImageObject\",\"inLanguage\":\"en-CA\",\"@id\":\"https:\/\/fermelpe.com\/blog\/il-y-a-10-ans-un-reve-debutait\/#primaryimage\",\"url\":\"https:\/\/i0.wp.com\/fermelpe.com\/wp-content\/uploads\/2023\/01\/DSC_4415-Medium.jpg?fit=1154%2C768&ssl=1\",\"contentUrl\":\"https:\/\/i0.wp.com\/fermelpe.com\/wp-content\/uploads\/2023\/01\/DSC_4415-Medium.jpg?fit=1154%2C768&ssl=1\",\"width\":1154,\"height\":768},{\"@type\":\"BreadcrumbList\",\"@id\":\"https:\/\/fermelpe.com\/blog\/il-y-a-10-ans-un-reve-debutait\/#breadcrumb\",\"itemListElement\":[{\"@type\":\"ListItem\",\"position\":1,\"name\":\"Accueil\",\"item\":\"https:\/\/fermelpe.com\/\"},{\"@type\":\"ListItem\",\"position\":2,\"name\":\"Il y a 10 ans, un r\u00eave d\u00e9butait&#8230;\"}]},{\"@type\":\"WebSite\",\"@id\":\"https:\/\/fermelpe.com\/#website\",\"url\":\"https:\/\/fermelpe.com\/\",\"name\":\"Ferme Les Petites \u00c9cores\",\"description\":\"\u00c9veillez vos sens au vrai go\u00fbt\",\"publisher\":{\"@id\":\"https:\/\/fermelpe.com\/#organization\"},\"potentialAction\":[{\"@type\":\"SearchAction\",\"target\":{\"@type\":\"EntryPoint\",\"urlTemplate\":\"https:\/\/fermelpe.com\/?s={search_term_string}\"},\"query-input\":{\"@type\":\"PropertyValueSpecification\",\"valueRequired\":true,\"valueName\":\"search_term_string\"}}],\"inLanguage\":\"en-CA\"},{\"@type\":\"Organization\",\"@id\":\"https:\/\/fermelpe.com\/#organization\",\"name\":\"Ferme Les Petites \u00c9cores\",\"url\":\"https:\/\/fermelpe.com\/\",\"logo\":{\"@type\":\"ImageObject\",\"inLanguage\":\"en-CA\",\"@id\":\"https:\/\/fermelpe.com\/#\/schema\/logo\/image\/\",\"url\":\"https:\/\/i0.wp.com\/fermelpe.com\/wp-content\/uploads\/2022\/12\/Facebook-Logo.png?fit=180%2C180&ssl=1\",\"contentUrl\":\"https:\/\/i0.wp.com\/fermelpe.com\/wp-content\/uploads\/2022\/12\/Facebook-Logo.png?fit=180%2C180&ssl=1\",\"width\":180,\"height\":180,\"caption\":\"Ferme Les Petites \u00c9cores\"},\"image\":{\"@id\":\"https:\/\/fermelpe.com\/#\/schema\/logo\/image\/\"},\"sameAs\":[\"https:\/\/www.facebook.com\/fermelpe\",\"https:\/\/www.instagram.com\/flpecores\/\"]},{\"@type\":\"Person\",\"@id\":\"https:\/\/fermelpe.com\/#\/schema\/person\/440670e87146b8c501b27331416488ee\",\"name\":\"Eric\",\"image\":{\"@type\":\"ImageObject\",\"inLanguage\":\"en-CA\",\"@id\":\"https:\/\/fermelpe.com\/#\/schema\/person\/image\/\",\"url\":\"https:\/\/fermelpe.com\/wp-content\/litespeed\/avatar\/23494c9101089ad44ae88ce9d2f56aac.jpg?ver=1777421054\",\"contentUrl\":\"https:\/\/fermelpe.com\/wp-content\/litespeed\/avatar\/23494c9101089ad44ae88ce9d2f56aac.jpg?ver=1777421054\",\"caption\":\"Eric\"},\"url\":\"https:\/\/fermelpe.com\/en\/blog\/author\/eric\/\"}]}<\/script>\n<!-- \/ Yoast SEO plugin. -->","yoast_head_json":{"title":"10 years ago, a dream began... | Les Petites \u00c9cores Farm","description":"Discover the story behind Ferme Les Petites \u00c9cores; successes and pitfalls.","robots":{"index":"index","follow":"follow","max-snippet":"max-snippet:-1","max-image-preview":"max-image-preview:large","max-video-preview":"max-video-preview:-1"},"canonical":"https:\/\/fermelpe.com\/en\/blog\/il-y-a-10-ans-un-reve-debutait\/","og_locale":"en_US","og_type":"article","og_title":"Il y a 10 ans, un r\u00eave d\u00e9butait... | Ferme Les Petites \u00c9cores","og_description":"D\u00e9couvrez l'histoire derri\u00e8re la Ferme Les Petites \u00c9cores; les succ\u00e8s et les embuches.","og_url":"https:\/\/fermelpe.com\/en\/blog\/il-y-a-10-ans-un-reve-debutait\/","og_site_name":"Ferme Les Petites \u00c9cores","article_publisher":"https:\/\/www.facebook.com\/fermelpe","article_published_time":"2019-04-25T01:10:38+00:00","article_modified_time":"2023-03-01T15:37:44+00:00","author":"Eric","schema":{"@context":"https:\/\/schema.org","@graph":[{"@type":"Article","@id":"https:\/\/fermelpe.com\/blog\/il-y-a-10-ans-un-reve-debutait\/#article","isPartOf":{"@id":"https:\/\/fermelpe.com\/blog\/il-y-a-10-ans-un-reve-debutait\/"},"author":{"name":"Eric","@id":"https:\/\/fermelpe.com\/#\/schema\/person\/440670e87146b8c501b27331416488ee"},"headline":"Il y a 10 ans, un r\u00eave d\u00e9butait&#8230;","datePublished":"2019-04-25T01:10:38+00:00","dateModified":"2023-03-01T15:37:44+00:00","mainEntityOfPage":{"@id":"https:\/\/fermelpe.com\/blog\/il-y-a-10-ans-un-reve-debutait\/"},"wordCount":2881,"commentCount":0,"publisher":{"@id":"https:\/\/fermelpe.com\/#organization"},"image":{"@id":"https:\/\/fermelpe.com\/blog\/il-y-a-10-ans-un-reve-debutait\/#primaryimage"},"thumbnailUrl":"https:\/\/i0.wp.com\/fermelpe.com\/wp-content\/uploads\/2023\/01\/DSC_4415-Medium.jpg?fit=1154%2C768&ssl=1","articleSection":["G\u00e9n\u00e9ral","Histoire"],"inLanguage":"en-CA","potentialAction":[{"@type":"CommentAction","name":"Comment","target":["https:\/\/fermelpe.com\/blog\/il-y-a-10-ans-un-reve-debutait\/#respond"]}]},{"@type":"WebPage","@id":"https:\/\/fermelpe.com\/blog\/il-y-a-10-ans-un-reve-debutait\/","url":"https:\/\/fermelpe.com\/blog\/il-y-a-10-ans-un-reve-debutait\/","name":"10 years ago, a dream began... | Les Petites \u00c9cores Farm","isPartOf":{"@id":"https:\/\/fermelpe.com\/#website"},"primaryImageOfPage":{"@id":"https:\/\/fermelpe.com\/blog\/il-y-a-10-ans-un-reve-debutait\/#primaryimage"},"image":{"@id":"https:\/\/fermelpe.com\/blog\/il-y-a-10-ans-un-reve-debutait\/#primaryimage"},"thumbnailUrl":"https:\/\/i0.wp.com\/fermelpe.com\/wp-content\/uploads\/2023\/01\/DSC_4415-Medium.jpg?fit=1154%2C768&ssl=1","datePublished":"2019-04-25T01:10:38+00:00","dateModified":"2023-03-01T15:37:44+00:00","description":"Discover the story behind Ferme Les Petites \u00c9cores; successes and pitfalls.","breadcrumb":{"@id":"https:\/\/fermelpe.com\/blog\/il-y-a-10-ans-un-reve-debutait\/#breadcrumb"},"inLanguage":"en-CA","potentialAction":[{"@type":"ReadAction","target":["https:\/\/fermelpe.com\/blog\/il-y-a-10-ans-un-reve-debutait\/"]}]},{"@type":"ImageObject","inLanguage":"en-CA","@id":"https:\/\/fermelpe.com\/blog\/il-y-a-10-ans-un-reve-debutait\/#primaryimage","url":"https:\/\/i0.wp.com\/fermelpe.com\/wp-content\/uploads\/2023\/01\/DSC_4415-Medium.jpg?fit=1154%2C768&ssl=1","contentUrl":"https:\/\/i0.wp.com\/fermelpe.com\/wp-content\/uploads\/2023\/01\/DSC_4415-Medium.jpg?fit=1154%2C768&ssl=1","width":1154,"height":768},{"@type":"BreadcrumbList","@id":"https:\/\/fermelpe.com\/blog\/il-y-a-10-ans-un-reve-debutait\/#breadcrumb","itemListElement":[{"@type":"ListItem","position":1,"name":"Accueil","item":"https:\/\/fermelpe.com\/"},{"@type":"ListItem","position":2,"name":"Il y a 10 ans, un r\u00eave d\u00e9butait&#8230;"}]},{"@type":"WebSite","@id":"https:\/\/fermelpe.com\/#website","url":"https:\/\/fermelpe.com\/","name":"Ferme Les Petites \u00c9cores","description":"Awaken your senses to true taste","publisher":{"@id":"https:\/\/fermelpe.com\/#organization"},"potentialAction":[{"@type":"SearchAction","target":{"@type":"EntryPoint","urlTemplate":"https:\/\/fermelpe.com\/?s={search_term_string}"},"query-input":{"@type":"PropertyValueSpecification","valueRequired":true,"valueName":"search_term_string"}}],"inLanguage":"en-CA"},{"@type":"Organization","@id":"https:\/\/fermelpe.com\/#organization","name":"Ferme Les Petites \u00c9cores","url":"https:\/\/fermelpe.com\/","logo":{"@type":"ImageObject","inLanguage":"en-CA","@id":"https:\/\/fermelpe.com\/#\/schema\/logo\/image\/","url":"https:\/\/i0.wp.com\/fermelpe.com\/wp-content\/uploads\/2022\/12\/Facebook-Logo.png?fit=180%2C180&ssl=1","contentUrl":"https:\/\/i0.wp.com\/fermelpe.com\/wp-content\/uploads\/2022\/12\/Facebook-Logo.png?fit=180%2C180&ssl=1","width":180,"height":180,"caption":"Ferme Les Petites \u00c9cores"},"image":{"@id":"https:\/\/fermelpe.com\/#\/schema\/logo\/image\/"},"sameAs":["https:\/\/www.facebook.com\/fermelpe","https:\/\/www.instagram.com\/flpecores\/"]},{"@type":"Person","@id":"https:\/\/fermelpe.com\/#\/schema\/person\/440670e87146b8c501b27331416488ee","name":"Eric","image":{"@type":"ImageObject","inLanguage":"en-CA","@id":"https:\/\/fermelpe.com\/#\/schema\/person\/image\/","url":"https:\/\/fermelpe.com\/wp-content\/litespeed\/avatar\/23494c9101089ad44ae88ce9d2f56aac.jpg?ver=1777421054","contentUrl":"https:\/\/fermelpe.com\/wp-content\/litespeed\/avatar\/23494c9101089ad44ae88ce9d2f56aac.jpg?ver=1777421054","caption":"Eric"},"url":"https:\/\/fermelpe.com\/en\/blog\/author\/eric\/"}]}},"jetpack_featured_media_url":"https:\/\/i0.wp.com\/fermelpe.com\/wp-content\/uploads\/2023\/01\/DSC_4415-Medium.jpg?fit=1154%2C768&ssl=1","_links":{"self":[{"href":"https:\/\/fermelpe.com\/en\/wp-json\/wp\/v2\/posts\/1365","targetHints":{"allow":["GET"]}}],"collection":[{"href":"https:\/\/fermelpe.com\/en\/wp-json\/wp\/v2\/posts"}],"about":[{"href":"https:\/\/fermelpe.com\/en\/wp-json\/wp\/v2\/types\/post"}],"author":[{"embeddable":true,"href":"https:\/\/fermelpe.com\/en\/wp-json\/wp\/v2\/users\/3"}],"replies":[{"embeddable":true,"href":"https:\/\/fermelpe.com\/en\/wp-json\/wp\/v2\/comments?post=1365"}],"version-history":[{"count":8,"href":"https:\/\/fermelpe.com\/en\/wp-json\/wp\/v2\/posts\/1365\/revisions"}],"predecessor-version":[{"id":7435,"href":"https:\/\/fermelpe.com\/en\/wp-json\/wp\/v2\/posts\/1365\/revisions\/7435"}],"wp:featuredmedia":[{"embeddable":true,"href":"https:\/\/fermelpe.com\/en\/wp-json\/wp\/v2\/media\/6202"}],"wp:attachment":[{"href":"https:\/\/fermelpe.com\/en\/wp-json\/wp\/v2\/media?parent=1365"}],"wp:term":[{"taxonomy":"category","embeddable":true,"href":"https:\/\/fermelpe.com\/en\/wp-json\/wp\/v2\/categories?post=1365"},{"taxonomy":"post_tag","embeddable":true,"href":"https:\/\/fermelpe.com\/en\/wp-json\/wp\/v2\/tags?post=1365"}],"curies":[{"name":"wp","href":"https:\/\/api.w.org\/{rel}","templated":true}]}}